{"id":7361,"date":"2020-12-16T14:29:24","date_gmt":"2020-12-16T19:29:24","guid":{"rendered":"http:\/\/firewell.ca\/dr-joy-macdermid-named-a-canada-research-chair\/"},"modified":"2021-01-08T13:57:23","modified_gmt":"2021-01-08T18:57:23","slug":"dr-joy-macdermid-named-a-canada-research-chair","status":"publish","type":"post","link":"https:\/\/firewell.ca\/fr\/dr-joy-macdermid-named-a-canada-research-chair\/","title":{"rendered":"Joy MacDermid est nomm\u00e9e titulaire d&#8217;une chaire de recherche du Canada"},"content":{"rendered":"<p>F\u00e9licitations \u00e0 Joy MacDermid, directrice scientifique de FIREWELL, qui a \u00e9t\u00e9 nomm\u00e9e titulaire d&#8217;une Chaire de recherche du Canada sur l\u2019application des connaissances sur les troubles musculosquelettiques (TMS) et leurs r\u00e9sultats cliniques (niveau 1, financ\u00e9e par les Instituts de recherche en sant\u00e9 du Canada) !<\/p>\n<p>Pour en savoir plus sur les recherches du Dr MacDermid :  <a href=\"https:\/\/www.chairs-chaires.gc.ca\/chairholders-titulaires\/profile-eng.aspx?profileId=4872\" rel=\"noopener noreferrer\" target=\"_blank\">cliquez ici<\/a><\/p>\n<p>La CRC est la troisi\u00e8me chaire de recherche de Mme MacDermid. Elle est \u00e9galement titulaire de la chaire Dr. James Roth en mesures musculosquelettiques et application des connaissances. Elle a \u00e9t\u00e9 titulaire d&#8217;une chaire des IRSC sur le genre, le travail et la sant\u00e9 en 2013-2018.<\/p>\n<p>*Les chaires de niveau 1 sont reconnues comme des leaders ayant d\u00e9j\u00e0 un impact notable dans leur domaine. (<a href=\"https:\/\/news.westernu.ca\/2020\/12\/crc\/\" rel=\"noopener noreferrer\" target=\"_blank\">Communiqu\u00e9 de presse de l&#8217;Ouest)<\/a>.<\/p>\n<p>Pour plus d&#8217;informations sur le programme des Chaires de recherche du Canada :  <a href=\"https:\/\/www.canada.ca\/en\/research-chairs\/news\/2020\/12\/government-of-canada-makes-largest-investment-in-canada-research-chairs-program-and-celebrates-20th-anniversary.html?utm_source=crc&#038;utm_medium=website&#038;utm_campaign=crc_announcement_20201216\" rel=\"noopener noreferrer\" target=\"_blank\">cliquez ici<\/a><\/p>\n","protected":false},"excerpt":{"rendered":"<p>F\u00e9licitations \u00e0 Joy MacDermid, directrice scientifique de FIREWELL, qui a \u00e9t\u00e9 nomm\u00e9e titulaire d&#8217;une Chaire de recherche du Canada sur l\u2019application des connaissances sur les troubles musculosquelettiques (TMS) et leurs r\u00e9sultats cliniques (niveau 1, financ\u00e9e par les Instituts de recherche en sant\u00e9 du Canada) ! Pour en savoir plus sur les recherches du Dr MacDermid [&hellip;]<\/p>\n","protected":false},"author":12,"featured_media":0,"comment_status":"open","ping_status":"open","sticky":false,"template":"","format":"standard","meta":{"_acf_changed":false,"_bbp_topic_count":0,"_bbp_reply_count":0,"_bbp_total_topic_count":0,"_bbp_total_reply_count":0,"_bbp_voice_count":0,"_bbp_anonymous_reply_count":0,"_bbp_topic_count_hidden":0,"_bbp_reply_count_hidden":0,"_bbp_forum_subforum_count":0,"footnotes":""},"categories":[31],"tags":[],"class_list":["post-7361","post","type-post","status-publish","format-standard","hentry","category-nouvelles"],"acf":[],"_links":{"self":[{"href":"https:\/\/firewell.ca\/fr\/wp-json\/wp\/v2\/posts\/7361","targetHints":{"allow":["GET"]}}],"collection":[{"href":"https:\/\/firewell.ca\/fr\/wp-json\/wp\/v2\/posts"}],"about":[{"href":"https:\/\/firewell.ca\/fr\/wp-json\/wp\/v2\/types\/post"}],"author":[{"embeddable":true,"href":"https:\/\/firewell.ca\/fr\/wp-json\/wp\/v2\/users\/12"}],"replies":[{"embeddable":true,"href":"https:\/\/firewell.ca\/fr\/wp-json\/wp\/v2\/comments?post=7361"}],"version-history":[{"count":0,"href":"https:\/\/firewell.ca\/fr\/wp-json\/wp\/v2\/posts\/7361\/revisions"}],"wp:attachment":[{"href":"https:\/\/firewell.ca\/fr\/wp-json\/wp\/v2\/media?parent=7361"}],"wp:term":[{"taxonomy":"category","embeddable":true,"href":"https:\/\/firewell.ca\/fr\/wp-json\/wp\/v2\/categories?post=7361"},{"taxonomy":"post_tag","embeddable":true,"href":"https:\/\/firewell.ca\/fr\/wp-json\/wp\/v2\/tags?post=7361"}],"curies":[{"name":"wp","href":"https:\/\/api.w.org\/{rel}","templated":true}]}}