{"id":6919,"date":"2020-07-08T14:55:45","date_gmt":"2020-07-08T18:55:45","guid":{"rendered":"http:\/\/firewell.ca\/new-report-initial-findings-supporting-firefighter-mental-health-during-covid-19-a-scoping-review\/"},"modified":"2020-08-05T13:37:31","modified_gmt":"2020-08-05T17:37:31","slug":"new-report-initial-findings-supporting-firefighter-mental-health-during-covid-19-a-scoping-review","status":"publish","type":"post","link":"https:\/\/firewell.ca\/fr\/new-report-initial-findings-supporting-firefighter-mental-health-during-covid-19-a-scoping-review\/","title":{"rendered":"Nouveau rapport (conclusions initiales) : <i>Supporting Firefighter Mental Health During Covid-19: A Scoping Review<\/i>"},"content":{"rendered":"<p>Les conclusions pr\u00e9liminaires de \u00ab\u00a0<strong><em>Supporting Firefighter Mental Health During Covid-19: A Scoping Review<\/em><\/strong><strong>\u00a0\u00bb<\/strong> (auteure principale : Kathryn Sinden) sont d\u00e9sormais disponibles sur le nouveau site Web de l&#8217;<a href=\"https:\/\/covid19mentalhealthresearch.ca\/\" target=\"_blank\" rel=\"noopener noreferrer\">Initiative sur la sant\u00e9 mentale et la COVID-19<\/a>.<\/p>\n<p>Pour lire le r\u00e9sum\u00e9 simplifi\u00e9 (anglais uniquement), <a href=\"https:\/\/covid19mentalhealthresearch.ca\/synthesis\/supporting-firefighter-mental-health-during-covid-19-a-scoping-review\/?fbclid=IwAR2gthnnNDRvIu0a5oc57I2XRo50ASRZQvhWZeILx8kdJctHpuMEzHN80mU\" target=\"_blank\" rel=\"noopener noreferrer\">cliquez ici<\/a><\/p>\n<p>Pour lire la synth\u00e8se pr\u00e9liminaire des connaissances (anglais uniquement), <a href=\"https:\/\/covid19mentalhealthresearch.ca\/wp-content\/uploads\/2020\/06\/SINDEN-Initial-knowledge-synthesis-2020-06-22.pdf\" target=\"_blank\" rel=\"noopener noreferrer\">cliquez ici<\/a><\/p>\n<p>Cette synth\u00e8se des connaissances a \u00e9t\u00e9 financ\u00e9e par les Instituts de recherche en sant\u00e9 du Canada.<\/p>\n","protected":false},"excerpt":{"rendered":"<p>Les conclusions pr\u00e9liminaires de \u00ab\u00a0Supporting Firefighter Mental Health During Covid-19: A Scoping Review\u00a0\u00bb (auteure principale : Kathryn Sinden) sont d\u00e9sormais disponibles sur le nouveau site Web de l&#8217;Initiative sur la sant\u00e9 mentale et la COVID-19. Pour lire le r\u00e9sum\u00e9 simplifi\u00e9 (anglais uniquement), cliquez ici Pour lire la synth\u00e8se pr\u00e9liminaire des connaissances (anglais uniquement), cliquez ici [&hellip;]<\/p>\n","protected":false},"author":12,"featured_media":0,"comment_status":"open","ping_status":"open","sticky":false,"template":"","format":"standard","meta":{"_acf_changed":false,"_bbp_topic_count":0,"_bbp_reply_count":0,"_bbp_total_topic_count":0,"_bbp_total_reply_count":0,"_bbp_voice_count":0,"_bbp_anonymous_reply_count":0,"_bbp_topic_count_hidden":0,"_bbp_reply_count_hidden":0,"_bbp_forum_subforum_count":0,"footnotes":""},"categories":[31],"tags":[],"class_list":["post-6919","post","type-post","status-publish","format-standard","hentry","category-nouvelles"],"acf":[],"_links":{"self":[{"href":"https:\/\/firewell.ca\/fr\/wp-json\/wp\/v2\/posts\/6919","targetHints":{"allow":["GET"]}}],"collection":[{"href":"https:\/\/firewell.ca\/fr\/wp-json\/wp\/v2\/posts"}],"about":[{"href":"https:\/\/firewell.ca\/fr\/wp-json\/wp\/v2\/types\/post"}],"author":[{"embeddable":true,"href":"https:\/\/firewell.ca\/fr\/wp-json\/wp\/v2\/users\/12"}],"replies":[{"embeddable":true,"href":"https:\/\/firewell.ca\/fr\/wp-json\/wp\/v2\/comments?post=6919"}],"version-history":[{"count":0,"href":"https:\/\/firewell.ca\/fr\/wp-json\/wp\/v2\/posts\/6919\/revisions"}],"wp:attachment":[{"href":"https:\/\/firewell.ca\/fr\/wp-json\/wp\/v2\/media?parent=6919"}],"wp:term":[{"taxonomy":"category","embeddable":true,"href":"https:\/\/firewell.ca\/fr\/wp-json\/wp\/v2\/categories?post=6919"},{"taxonomy":"post_tag","embeddable":true,"href":"https:\/\/firewell.ca\/fr\/wp-json\/wp\/v2\/tags?post=6919"}],"curies":[{"name":"wp","href":"https:\/\/api.w.org\/{rel}","templated":true}]}}