{"id":5483,"date":"2019-03-29T08:00:09","date_gmt":"2019-03-29T12:00:09","guid":{"rendered":"http:\/\/firewell.ca\/firewell-members-present-research-at-provincial-and-national-conferences\/"},"modified":"2019-05-14T15:17:04","modified_gmt":"2019-05-14T19:17:04","slug":"firewell-members-present-research-at-provincial-and-national-conferences","status":"publish","type":"post","link":"https:\/\/firewell.ca\/fr\/firewell-members-present-research-at-provincial-and-national-conferences\/","title":{"rendered":"Des membres de FIREWELL ont pr\u00e9sent\u00e9 leurs recherches lors de congr\u00e8s provinciaux et nationaux"},"content":{"rendered":"<p>En mars, plusieurs membres de FIREWELL ont pr\u00e9sent\u00e9 leurs recherches sur les pompiers lors de congr\u00e8s provinciaux et nationaux.<\/p>\n<p><strong>Amanda Brazil<\/strong> (Universit\u00e9 de l\u2019\u00cele-du-Prince-\u00c9douard) a particip\u00e9 \u00e0 une table ronde sur les familles du 21<sup>e<\/sup> si\u00e8cle \u00e0 la Conf\u00e9rence sur les familles au Canada \u2013 satellite Universit\u00e9 de l\u2019\u00cele-du-Prince-\u00c9douard (27 mars 2019, Charlottetown).<\/p>\n<p><strong>Jennifer Keir<\/strong> (Universit\u00e9 d\u2019Ottawa) a pr\u00e9sent\u00e9 \u00ab\u00a0<strong><em>Facts and Fiction of Firefighters\u2019 Chemical Exposures<\/em><\/strong>\u00a0\u00bb \u00e0 Firehouse World (25-28 mars, 2019, Los Angeles).<\/p>\n<p><strong>Joy MacDermid<\/strong> (Western) a pr\u00e9sent\u00e9 \u00ab\u00a0<strong><em>Update on Firefighter Research: To FIREWELL and Beyond<\/em><\/strong>\u00a0\u00bb au Defazio Taylor Health and Labour Seminar de l\u2019Association des pompiers professionnels de l\u2019Ontario (27 mars 2019, Niagara Falls).<\/p>\n","protected":false},"excerpt":{"rendered":"<p>En mars, plusieurs membres de FIREWELL ont pr\u00e9sent\u00e9 leurs recherches sur les pompiers lors de congr\u00e8s provinciaux et nationaux. Amanda Brazil (Universit\u00e9 de l\u2019\u00cele-du-Prince-\u00c9douard) a particip\u00e9 \u00e0 une table ronde sur les familles du 21e si\u00e8cle \u00e0 la Conf\u00e9rence sur les familles au Canada \u2013 satellite Universit\u00e9 de l\u2019\u00cele-du-Prince-\u00c9douard (27 mars 2019, Charlottetown). Jennifer Keir [&hellip;]<\/p>\n","protected":false},"author":12,"featured_media":0,"comment_status":"open","ping_status":"open","sticky":false,"template":"","format":"standard","meta":{"_acf_changed":false,"_bbp_topic_count":0,"_bbp_reply_count":0,"_bbp_total_topic_count":0,"_bbp_total_reply_count":0,"_bbp_voice_count":0,"_bbp_anonymous_reply_count":0,"_bbp_topic_count_hidden":0,"_bbp_reply_count_hidden":0,"_bbp_forum_subforum_count":0,"footnotes":""},"categories":[31],"tags":[],"class_list":["post-5483","post","type-post","status-publish","format-standard","hentry","category-nouvelles"],"acf":[],"_links":{"self":[{"href":"https:\/\/firewell.ca\/fr\/wp-json\/wp\/v2\/posts\/5483","targetHints":{"allow":["GET"]}}],"collection":[{"href":"https:\/\/firewell.ca\/fr\/wp-json\/wp\/v2\/posts"}],"about":[{"href":"https:\/\/firewell.ca\/fr\/wp-json\/wp\/v2\/types\/post"}],"author":[{"embeddable":true,"href":"https:\/\/firewell.ca\/fr\/wp-json\/wp\/v2\/users\/12"}],"replies":[{"embeddable":true,"href":"https:\/\/firewell.ca\/fr\/wp-json\/wp\/v2\/comments?post=5483"}],"version-history":[{"count":0,"href":"https:\/\/firewell.ca\/fr\/wp-json\/wp\/v2\/posts\/5483\/revisions"}],"wp:attachment":[{"href":"https:\/\/firewell.ca\/fr\/wp-json\/wp\/v2\/media?parent=5483"}],"wp:term":[{"taxonomy":"category","embeddable":true,"href":"https:\/\/firewell.ca\/fr\/wp-json\/wp\/v2\/categories?post=5483"},{"taxonomy":"post_tag","embeddable":true,"href":"https:\/\/firewell.ca\/fr\/wp-json\/wp\/v2\/tags?post=5483"}],"curies":[{"name":"wp","href":"https:\/\/api.w.org\/{rel}","templated":true}]}}