{"id":5480,"date":"2019-04-29T08:00:33","date_gmt":"2019-04-29T12:00:33","guid":{"rendered":"http:\/\/firewell.ca\/in-the-media-dr-macdermids-resiliency-training-research-in-vancouver-and-pei-firefighters-featured-on-western-news\/"},"modified":"2019-05-14T15:13:33","modified_gmt":"2019-05-14T19:13:33","slug":"in-the-media-dr-macdermids-resiliency-training-research-in-vancouver-and-pei-firefighters-featured-on-western-news","status":"publish","type":"post","link":"https:\/\/firewell.ca\/fr\/in-the-media-dr-macdermids-resiliency-training-research-in-vancouver-and-pei-firefighters-featured-on-western-news\/","title":{"rendered":"Dans les m\u00e9dias: La recherche du Dr MacDermid sur la formation en r\u00e9silience \u00e0 Vancouver et aux pompiers de l&#8217;\u00cele-du-Prince-\u00c9douard est pr\u00e9sent\u00e9e dans Western News"},"content":{"rendered":"<p>Joy MacDermid (Western) a \u00e9t\u00e9 interview\u00e9e \u00e0 Western News sur sa nouvelle \u00e9tude financ\u00e9e par les IRSC sur la formation en r\u00e9silience et sant\u00e9 mentale des pompiers de Vancouver et de l\u2019\u00cele-du-Prince-\u00c9douard (\u00ce.P.-\u00c9.). Ces recherches ont \u00e9t\u00e9 men\u00e9es en partenariat avec les services secours et incendie de Vancouver, l\u2019Association des pompiers de l\u2019\u00ce.P.-\u00c9. Et l\u2019Association canadienne pour la sant\u00e9 mentale (division de l\u2019\u00ce.P.-\u00c9 et section de Vancouver-Fraser).<\/p>\n<p>Pour lire l\u2019article (anglais uniquement)\u00a0: <a href=\"https:\/\/news.westernu.ca\/2019\/04\/researcher-studies-ways-to-fireproof-workers-against-ptsd\/\" target=\"_blank\" rel=\"noopener noreferrer\">cliquez ici<\/a><\/p>\n","protected":false},"excerpt":{"rendered":"<p>Joy MacDermid (Western) a \u00e9t\u00e9 interview\u00e9e \u00e0 Western News sur sa nouvelle \u00e9tude financ\u00e9e par les IRSC sur la formation en r\u00e9silience et sant\u00e9 mentale des pompiers de Vancouver et de l\u2019\u00cele-du-Prince-\u00c9douard (\u00ce.P.-\u00c9.). Ces recherches ont \u00e9t\u00e9 men\u00e9es en partenariat avec les services secours et incendie de Vancouver, l\u2019Association des pompiers de l\u2019\u00ce.P.-\u00c9. Et l\u2019Association [&hellip;]<\/p>\n","protected":false},"author":12,"featured_media":0,"comment_status":"open","ping_status":"open","sticky":false,"template":"","format":"standard","meta":{"_acf_changed":false,"_bbp_topic_count":0,"_bbp_reply_count":0,"_bbp_total_topic_count":0,"_bbp_total_reply_count":0,"_bbp_voice_count":0,"_bbp_anonymous_reply_count":0,"_bbp_topic_count_hidden":0,"_bbp_reply_count_hidden":0,"_bbp_forum_subforum_count":0,"footnotes":""},"categories":[31],"tags":[],"class_list":["post-5480","post","type-post","status-publish","format-standard","hentry","category-nouvelles"],"acf":[],"_links":{"self":[{"href":"https:\/\/firewell.ca\/fr\/wp-json\/wp\/v2\/posts\/5480","targetHints":{"allow":["GET"]}}],"collection":[{"href":"https:\/\/firewell.ca\/fr\/wp-json\/wp\/v2\/posts"}],"about":[{"href":"https:\/\/firewell.ca\/fr\/wp-json\/wp\/v2\/types\/post"}],"author":[{"embeddable":true,"href":"https:\/\/firewell.ca\/fr\/wp-json\/wp\/v2\/users\/12"}],"replies":[{"embeddable":true,"href":"https:\/\/firewell.ca\/fr\/wp-json\/wp\/v2\/comments?post=5480"}],"version-history":[{"count":0,"href":"https:\/\/firewell.ca\/fr\/wp-json\/wp\/v2\/posts\/5480\/revisions"}],"wp:attachment":[{"href":"https:\/\/firewell.ca\/fr\/wp-json\/wp\/v2\/media?parent=5480"}],"wp:term":[{"taxonomy":"category","embeddable":true,"href":"https:\/\/firewell.ca\/fr\/wp-json\/wp\/v2\/categories?post=5480"},{"taxonomy":"post_tag","embeddable":true,"href":"https:\/\/firewell.ca\/fr\/wp-json\/wp\/v2\/tags?post=5480"}],"curies":[{"name":"wp","href":"https:\/\/api.w.org\/{rel}","templated":true}]}}