{"id":5277,"date":"2019-03-04T08:00:46","date_gmt":"2019-03-04T13:00:46","guid":{"rendered":"http:\/\/firewell.ca\/steve-fraser-presented-resilient-minds-at-the-2019-bc-first-responders-mental-health-conference-video\/"},"modified":"2019-03-14T10:18:20","modified_gmt":"2019-03-14T14:18:20","slug":"steve-fraser-presented-resilient-minds-at-the-2019-bc-first-responders-mental-health-conference-video","status":"publish","type":"post","link":"https:\/\/firewell.ca\/fr\/steve-fraser-presented-resilient-minds-at-the-2019-bc-first-responders-mental-health-conference-video\/","title":{"rendered":"Steve Fraser pr\u00e9sente <i>Resilient Minds<\/i> lors du congr\u00e8s 2019 BC First Responders\u2019 Mental Health Conference [Vid\u00e9o]"},"content":{"rendered":"<p>Le capitaine par int\u00e9rim Steve Fraser (Services secours et incendie de Vancouver) a pr\u00e9sent\u00e9 le programme Resilient Minds et son impact sur les pompiers de Vancouver dans le cadre du BC First Responders\u2019 Mental Health Conference (31 janvier 2019, Richmond, BC).<\/p>\n<p>Resilient Minds est un programme de sant\u00e9 mentale sur la r\u00e9silience, con\u00e7u sp\u00e9cifiquement pour les pompiers par le service incendies de Vancouver-Fraser en partenariat avec l\u2019Association canadienne pour la sant\u00e9 mentale de Vancouver-Fraser. Pour plus d\u2019informations, <a href=\"https:\/\/vancouver-fraser.cmha.bc.ca\/programs-services\/resilient-minds\/\" rel=\"noopener noreferrer\" target=\"_blank\"cliquez ici<\/a><\/p>\n<p><iframe loading=\"lazy\" width=\"560\" height=\"315\" src=\"https:\/\/www.youtube.com\/embed\/pK2SRPTygkM\" frameborder=\"0\" allow=\"accelerometer; autoplay; encrypted-media; gyroscope; picture-in-picture\" allowfullscreen><\/iframe><br \/>\nPr\u00e9sentation de Steve : 00:00-26:00<\/p>\n<p><a href=\"http:\/\/conference.bcfirstrespondersmentalhealth.com\/_doc\/Presentations\/Day1\/ResilientMindsBuildingPsychologicalStrengthFirefighters.pdf\" rel=\"noopener noreferrer\" target=\"_blank\">Consulter les diapositives de la pr\u00e9sentation<\/a><\/p>\n","protected":false},"excerpt":{"rendered":"<p>Le capitaine par int\u00e9rim Steve Fraser (Services secours et incendie de Vancouver) a pr\u00e9sent\u00e9 le programme Resilient Minds et son impact sur les pompiers de Vancouver dans le cadre du BC First Responders\u2019 Mental Health Conference (31 janvier 2019, Richmond, BC). Resilient Minds est un programme de sant\u00e9 mentale sur la r\u00e9silience, con\u00e7u sp\u00e9cifiquement pour [&hellip;]<\/p>\n","protected":false},"author":12,"featured_media":0,"comment_status":"open","ping_status":"open","sticky":false,"template":"","format":"standard","meta":{"_acf_changed":false,"_bbp_topic_count":0,"_bbp_reply_count":0,"_bbp_total_topic_count":0,"_bbp_total_reply_count":0,"_bbp_voice_count":0,"_bbp_anonymous_reply_count":0,"_bbp_topic_count_hidden":0,"_bbp_reply_count_hidden":0,"_bbp_forum_subforum_count":0,"footnotes":""},"categories":[31],"tags":[],"class_list":["post-5277","post","type-post","status-publish","format-standard","hentry","category-nouvelles"],"acf":[],"_links":{"self":[{"href":"https:\/\/firewell.ca\/fr\/wp-json\/wp\/v2\/posts\/5277","targetHints":{"allow":["GET"]}}],"collection":[{"href":"https:\/\/firewell.ca\/fr\/wp-json\/wp\/v2\/posts"}],"about":[{"href":"https:\/\/firewell.ca\/fr\/wp-json\/wp\/v2\/types\/post"}],"author":[{"embeddable":true,"href":"https:\/\/firewell.ca\/fr\/wp-json\/wp\/v2\/users\/12"}],"replies":[{"embeddable":true,"href":"https:\/\/firewell.ca\/fr\/wp-json\/wp\/v2\/comments?post=5277"}],"version-history":[{"count":0,"href":"https:\/\/firewell.ca\/fr\/wp-json\/wp\/v2\/posts\/5277\/revisions"}],"wp:attachment":[{"href":"https:\/\/firewell.ca\/fr\/wp-json\/wp\/v2\/media?parent=5277"}],"wp:term":[{"taxonomy":"category","embeddable":true,"href":"https:\/\/firewell.ca\/fr\/wp-json\/wp\/v2\/categories?post=5277"},{"taxonomy":"post_tag","embeddable":true,"href":"https:\/\/firewell.ca\/fr\/wp-json\/wp\/v2\/tags?post=5277"}],"curies":[{"name":"wp","href":"https:\/\/api.w.org\/{rel}","templated":true}]}}