{"id":4185,"date":"2018-06-05T14:28:41","date_gmt":"2018-06-05T18:28:41","guid":{"rendered":"http:\/\/firewell.ca\/in-the-media-amanda-brazil-interviewed-on-cbc-news-about-mental-health-info-cards-for-bystanders-in-need\/"},"modified":"2018-06-12T14:53:53","modified_gmt":"2018-06-12T18:53:53","slug":"in-the-media-amanda-brazil-interviewed-on-cbc-news-about-mental-health-info-cards-for-bystanders-in-need","status":"publish","type":"post","link":"https:\/\/firewell.ca\/fr\/in-the-media-amanda-brazil-interviewed-on-cbc-news-about-mental-health-info-cards-for-bystanders-in-need\/","title":{"rendered":"Dans les m\u00e9dias : Amanda Brazil interview\u00e9e \u00e0 CBC News sur les fiches d\u2019information de sant\u00e9 mentale \u00e0 l\u2019intention des spectateurs dans le besoin"},"content":{"rendered":"<p>Amanda Brazil (Directrice des programmes et de la politique, Assocation canadienne pour la sant\u00e9 mentale, division de l\u2019\u00ce.P.-E. &amp; pompi\u00e8re b\u00e9n\u00e9vole, service incendie de Crossroads) a \u00e9t\u00e9 interview\u00e9e r\u00e9cemment par CBC News sur un nouveau programme de sant\u00e9 mentale \u00e0 l\u2019intention des personnes pr\u00e9sentes lors d\u2019\u2019\u00e9v\u00e9nements traumatiques. Cette initiative est men\u00e9e par des pompiers de l\u2019\u00ce.P.-E. en partenariat avec l\u2019ACSM-\u00ce.P.-E.<\/p>\n<p>Cliquez <a href=\"http:\/\/www.cbc.ca\/news\/canada\/prince-edward-island\/pei-fire-fighters-mental-health-1.4674431\" target=\"_blank\" rel=\"noopener\">ici<\/a> pour lire l\u2019article sur CBC News.<\/p>\n","protected":false},"excerpt":{"rendered":"<p>Amanda Brazil (Directrice des programmes et de la politique, Assocation canadienne pour la sant\u00e9 mentale, division de l\u2019\u00ce.P.-E. &amp; pompi\u00e8re b\u00e9n\u00e9vole, service incendie de Crossroads) a \u00e9t\u00e9 interview\u00e9e r\u00e9cemment par CBC News sur un nouveau programme de sant\u00e9 mentale \u00e0 l\u2019intention des personnes pr\u00e9sentes lors d\u2019\u2019\u00e9v\u00e9nements traumatiques. Cette initiative est men\u00e9e par des pompiers de [&hellip;]<\/p>\n","protected":false},"author":12,"featured_media":0,"comment_status":"open","ping_status":"open","sticky":false,"template":"","format":"standard","meta":{"_acf_changed":false,"_bbp_topic_count":0,"_bbp_reply_count":0,"_bbp_total_topic_count":0,"_bbp_total_reply_count":0,"_bbp_voice_count":0,"_bbp_anonymous_reply_count":0,"_bbp_topic_count_hidden":0,"_bbp_reply_count_hidden":0,"_bbp_forum_subforum_count":0,"footnotes":""},"categories":[31],"tags":[],"class_list":["post-4185","post","type-post","status-publish","format-standard","hentry","category-nouvelles"],"acf":[],"_links":{"self":[{"href":"https:\/\/firewell.ca\/fr\/wp-json\/wp\/v2\/posts\/4185","targetHints":{"allow":["GET"]}}],"collection":[{"href":"https:\/\/firewell.ca\/fr\/wp-json\/wp\/v2\/posts"}],"about":[{"href":"https:\/\/firewell.ca\/fr\/wp-json\/wp\/v2\/types\/post"}],"author":[{"embeddable":true,"href":"https:\/\/firewell.ca\/fr\/wp-json\/wp\/v2\/users\/12"}],"replies":[{"embeddable":true,"href":"https:\/\/firewell.ca\/fr\/wp-json\/wp\/v2\/comments?post=4185"}],"version-history":[{"count":0,"href":"https:\/\/firewell.ca\/fr\/wp-json\/wp\/v2\/posts\/4185\/revisions"}],"wp:attachment":[{"href":"https:\/\/firewell.ca\/fr\/wp-json\/wp\/v2\/media?parent=4185"}],"wp:term":[{"taxonomy":"category","embeddable":true,"href":"https:\/\/firewell.ca\/fr\/wp-json\/wp\/v2\/categories?post=4185"},{"taxonomy":"post_tag","embeddable":true,"href":"https:\/\/firewell.ca\/fr\/wp-json\/wp\/v2\/tags?post=4185"}],"curies":[{"name":"wp","href":"https:\/\/api.w.org\/{rel}","templated":true}]}}