{"id":3935,"date":"2018-04-03T08:00:42","date_gmt":"2018-04-03T12:00:42","guid":{"rendered":"http:\/\/firewell.ca\/firefighter-injuries-relative-to-fire-response-characteristics\/"},"modified":"2018-05-08T12:59:26","modified_gmt":"2018-05-08T16:59:26","slug":"firefighter-injuries-relative-to-fire-response-characteristics","status":"publish","type":"post","link":"https:\/\/firewell.ca\/fr\/firefighter-injuries-relative-to-fire-response-characteristics\/","title":{"rendered":"Nouveau rapport FIREWELL : <i>Firefighter Injuries Relative to Fire Response Characteristics<\/i>"},"content":{"rendered":"<p>Rapport de recherche par les chercheurs FIREWELL Kathryn Sinden (Universit\u00e9 Lakehead) et Joy MacDermid (Universit\u00e9 Western) \u00e9tabli \u00e0 partir de donn\u00e9es de la <a href=\"http:\/\/nfidcanada.ca\/\" rel=\"noopener\" target=\"_blank\">Base de donn\u00e9es nationale sur les incendies (BDNI)<\/a> et visant \u00e0 identifier les types de blessures subies par les pompiers canadiens \u00e0 temps plein (2005-2014) et \u00e0 d\u00e9terminer si les attributs personnels (taille, poids, ann\u00e9es de service) et les caract\u00e9ristiques de l\u2019\u00e9quipe (taille de l\u2019\u00e9quipe, utilisation d\u2019\u00e9quipement de protection personnel) sont li\u00e9s \u00e0 la s\u00e9v\u00e9rit\u00e9 des blessures.<\/p>\n<p>L\u2019\u00e9tude a \u00e9t\u00e9 financ\u00e9e par le <a href=\"http:\/\/www.ccfmfc.ca\/\" rel=\"noopener\" target=\"_blank\">Conseil canadien des directeurs provinciaux et des commissaires des incendies<\/a> et l&#8217;<a href=\"http:\/\/www.cafc.ca\/\" rel=\"noopener\" target=\"_blank\">Association canadienne des chefs de pompiers<\/a>.<\/p>\n<p>Citation: Sinden KE, Lorbergs AL, MacDermid JC, Deschamps L. <strong><em>Firefighter Injuries Relative to Fire Response Characteristics<\/em>.<\/strong> Rapport pour l\u2019Association canadienne des chefs de pompiers. D\u00e9cembre 2017.<\/p>\n<p>Pour lire le rapport (ou le t\u00e9l\u00e9charger librement): <a href=\"http:\/\/firewell.ca\/wp-content\/uploads\/2018\/04\/Lakehead_University_Firefighter-Report.pdf\">cliquez ici<\/a><\/p>\n","protected":false},"excerpt":{"rendered":"<p>Rapport de recherche par les chercheurs FIREWELL Kathryn Sinden (Universit\u00e9 Lakehead) et Joy MacDermid (Universit\u00e9 Western) \u00e9tabli \u00e0 partir de donn\u00e9es de la Base de donn\u00e9es nationale sur les incendies (BDNI) et visant \u00e0 identifier les types de blessures subies par les pompiers canadiens \u00e0 temps plein (2005-2014) et \u00e0 d\u00e9terminer si les attributs personnels [&hellip;]<\/p>\n","protected":false},"author":12,"featured_media":0,"comment_status":"open","ping_status":"open","sticky":false,"template":"","format":"standard","meta":{"_acf_changed":false,"_bbp_topic_count":0,"_bbp_reply_count":0,"_bbp_total_topic_count":0,"_bbp_total_reply_count":0,"_bbp_voice_count":0,"_bbp_anonymous_reply_count":0,"_bbp_topic_count_hidden":0,"_bbp_reply_count_hidden":0,"_bbp_forum_subforum_count":0,"footnotes":""},"categories":[31],"tags":[],"class_list":["post-3935","post","type-post","status-publish","format-standard","hentry","category-nouvelles"],"acf":[],"_links":{"self":[{"href":"https:\/\/firewell.ca\/fr\/wp-json\/wp\/v2\/posts\/3935","targetHints":{"allow":["GET"]}}],"collection":[{"href":"https:\/\/firewell.ca\/fr\/wp-json\/wp\/v2\/posts"}],"about":[{"href":"https:\/\/firewell.ca\/fr\/wp-json\/wp\/v2\/types\/post"}],"author":[{"embeddable":true,"href":"https:\/\/firewell.ca\/fr\/wp-json\/wp\/v2\/users\/12"}],"replies":[{"embeddable":true,"href":"https:\/\/firewell.ca\/fr\/wp-json\/wp\/v2\/comments?post=3935"}],"version-history":[{"count":0,"href":"https:\/\/firewell.ca\/fr\/wp-json\/wp\/v2\/posts\/3935\/revisions"}],"wp:attachment":[{"href":"https:\/\/firewell.ca\/fr\/wp-json\/wp\/v2\/media?parent=3935"}],"wp:term":[{"taxonomy":"category","embeddable":true,"href":"https:\/\/firewell.ca\/fr\/wp-json\/wp\/v2\/categories?post=3935"},{"taxonomy":"post_tag","embeddable":true,"href":"https:\/\/firewell.ca\/fr\/wp-json\/wp\/v2\/tags?post=3935"}],"curies":[{"name":"wp","href":"https:\/\/api.w.org\/{rel}","templated":true}]}}