{"id":3929,"date":"2018-04-24T09:44:24","date_gmt":"2018-04-24T13:44:24","guid":{"rendered":"http:\/\/firewell.ca\/in-the-media-nick-carleton-mental-health-humboldt-broncos-tragedy\/"},"modified":"2018-05-08T13:03:17","modified_gmt":"2018-05-08T17:03:17","slug":"in-the-media-nick-carleton-mental-health-humboldt-broncos-tragedy","status":"publish","type":"post","link":"https:\/\/firewell.ca\/fr\/in-the-media-nick-carleton-mental-health-humboldt-broncos-tragedy\/","title":{"rendered":"Dans les m\u00e9dias : Nick Carleton fait l\u2019objet d\u2019un article dans The Leader-Post sur le soutien en sant\u00e9 mentale pour les premiers r\u00e9pondants impliqu\u00e9s dans la trag\u00e9die des Broncos de Humboldt"},"content":{"rendered":"<p>Nick Carleton (Institut canadien de recherche et de traitement en s\u00e9curit\u00e9 publique (ICRTSP), Universit\u00e9 de Regina) a \u00e9t\u00e9 interview\u00e9 dans <em>The Regina Leader-Post<\/em> sur la campagne de lev\u00e9e de fonds de l\u2019Universit\u00e9 de Regina \u00ab <em>Keeping Them Strong<\/em> \u00bb pour le personnel de s\u00e9curit\u00e9 publique impliqu\u00e9 dans la trag\u00e9die des Broncos de Humboldt. L\u2019objectif de la campagne est de collecter 250 000 $, qui seront utilis\u00e9s pour garantir que les premiers r\u00e9pondants aient acc\u00e8s aux soins mentaux \u00e9prouv\u00e9s dont ils auront besoin.<\/p>\n<p>Cliquez <a href=\"http:\/\/leaderpost.com\/news\/local-news\/keeping-them-strong\" rel=\"noopener\" target=\"_blank\">ici<\/a> pour lire l\u2019article.<\/p>\n<p>POUR DONNER : Visitez la  <a href=\"http:\/\/www.uregina.ca\" rel=\"noopener\" target=\"_blank\">page d\u2019accueil de l\u2019Universit\u00e9<\/a> et cliquez sur la banni\u00e8re #KeepingThemStrong banner.<\/p>\n","protected":false},"excerpt":{"rendered":"<p>Nick Carleton (Institut canadien de recherche et de traitement en s\u00e9curit\u00e9 publique (ICRTSP), Universit\u00e9 de Regina) a \u00e9t\u00e9 interview\u00e9 dans The Regina Leader-Post sur la campagne de lev\u00e9e de fonds de l\u2019Universit\u00e9 de Regina \u00ab Keeping Them Strong \u00bb pour le personnel de s\u00e9curit\u00e9 publique impliqu\u00e9 dans la trag\u00e9die des Broncos de Humboldt. L\u2019objectif de [&hellip;]<\/p>\n","protected":false},"author":12,"featured_media":0,"comment_status":"open","ping_status":"open","sticky":false,"template":"","format":"standard","meta":{"_acf_changed":false,"_bbp_topic_count":0,"_bbp_reply_count":0,"_bbp_total_topic_count":0,"_bbp_total_reply_count":0,"_bbp_voice_count":0,"_bbp_anonymous_reply_count":0,"_bbp_topic_count_hidden":0,"_bbp_reply_count_hidden":0,"_bbp_forum_subforum_count":0,"footnotes":""},"categories":[31],"tags":[],"class_list":["post-3929","post","type-post","status-publish","format-standard","hentry","category-nouvelles"],"acf":[],"_links":{"self":[{"href":"https:\/\/firewell.ca\/fr\/wp-json\/wp\/v2\/posts\/3929","targetHints":{"allow":["GET"]}}],"collection":[{"href":"https:\/\/firewell.ca\/fr\/wp-json\/wp\/v2\/posts"}],"about":[{"href":"https:\/\/firewell.ca\/fr\/wp-json\/wp\/v2\/types\/post"}],"author":[{"embeddable":true,"href":"https:\/\/firewell.ca\/fr\/wp-json\/wp\/v2\/users\/12"}],"replies":[{"embeddable":true,"href":"https:\/\/firewell.ca\/fr\/wp-json\/wp\/v2\/comments?post=3929"}],"version-history":[{"count":0,"href":"https:\/\/firewell.ca\/fr\/wp-json\/wp\/v2\/posts\/3929\/revisions"}],"wp:attachment":[{"href":"https:\/\/firewell.ca\/fr\/wp-json\/wp\/v2\/media?parent=3929"}],"wp:term":[{"taxonomy":"category","embeddable":true,"href":"https:\/\/firewell.ca\/fr\/wp-json\/wp\/v2\/categories?post=3929"},{"taxonomy":"post_tag","embeddable":true,"href":"https:\/\/firewell.ca\/fr\/wp-json\/wp\/v2\/tags?post=3929"}],"curies":[{"name":"wp","href":"https:\/\/api.w.org\/{rel}","templated":true}]}}