{"id":3586,"date":"2018-03-13T08:00:25","date_gmt":"2018-03-13T12:00:25","guid":{"rendered":"http:\/\/firewell.ca\/firewell-research-champion-steve-fraser\/"},"modified":"2018-03-16T14:51:38","modified_gmt":"2018-03-16T18:51:38","slug":"firewell-research-champion-steve-fraser","status":"publish","type":"post","link":"https:\/\/firewell.ca\/fr\/firewell-research-champion-steve-fraser\/","title":{"rendered":"Champion de la recherche FIREWELL: STEVE FRASER"},"content":{"rendered":"<p>La s\u00e9rie des champions de la recherche FIREWELL profilent nos collaborateurs pompiers et leurs contributions essentielles \u00e0 nos recherches sur la sant\u00e9 et le bien-\u00eatre des pompiers.<\/p>\n<h3>Steve Fraser<\/h3>\n<p>Steve Fraser est capitaine par int\u00e9rim de la sant\u00e9 et s\u00e9curit\u00e9 professionnelle aupr\u00e8s des services de secours et incendie de Vancouver et coordinateur de l&#8217;\u00e9quipe de gestion de stress en cas d&#8217;incident critique du service. Avec plus de vingt ans d&#8217;exp\u00e9rience au service incendie, il applique ses connaissances et son expertise du terrain \u00e0 des programmes et formation sp\u00e9cifiques aux pompiers. M. Fraser est le coauteur du programme Resilient Minds, instructeur approuv\u00e9 de la International Critical Incident Stress Foundation et traumatologue de terrain certifi\u00e9 par le Canadian Traumatology Institute.<\/p>\n<p>Lire l&#8217;article de Steve : <a href=\"http:\/\/digital.imedianorthside.com\/i\/803865-vol-12\/49\">Resilient Minds : Building the Psychological Strength of FirefightersVoir les diapositives du webinaire CMHA-BC de Steve : Building a Stronger and More Resilient First Responder Organization (18 ao\u00fbt 2016)<\/a><\/p>\n<h3>Comment vous impliquez-vous dans FIREWELL?<\/h3>\n<p>J&#8217;ai aid\u00e9 \u00e0 adapter et \u00e9valuer le programme Resilient Minds pour les services incendie volontaires de l&#8217;\u00cele-du-Prince-\u00c9douard. Je vais codiriger des interventions sur les meilleures pratiques pour ce m\u00eame programme en y int\u00e9grant les r\u00e9sultats des recherches financ\u00e9es par le projet WorkSafeBC.<\/p>\n<h3>Steve dans les m\u00e9dias :<\/h3>\n<p><a href=\"http:\/\/www.cbc.ca\/news\/canada\/british-columbia\/overdose-fentanyl-crisis-1.3933761\">First responders feeling &#8216;helplessness and hopelessness&#8217; over overdose crisis<\/a> (CBC News, 12 janvier 2017)<\/p>\n<p><a href=\"https:\/\/globalnews.ca\/video\/2523267\/vfrs-launches-new-initiative-for-first-responders-dealing-with-mental-health-issues\">VFRS launches new initiative for first responders dealing with mental health issues<\/a> (Global News, 17 f\u00e9vrier 2016)<\/p>\n<p><a href=\"http:\/\/www.cbc.ca\/news\/canada\/british-columbia\/vancouver-firefighters-mental-health-program-1.3450000\">Vancouver firefighters get new mental health awareness program<\/a> (CBC News, 16 f\u00e9vrier 2016)<\/p>\n<p><a href=\"http:\/\/www.cbc.ca\/player\/play\/2683731852\">Firefighter Mental Health<\/a> (CBC Vancouver News, 15 f\u00e9vrier 2016) &#8211; L&#8217;entretien avec Steve commence \u00e0 la minute 24:00.<\/p>\n<p><a href=\"https:\/\/members.bcpffa.org\/?zone=\/unionactive\/view_article.cfm&amp;HomeID=232808\">Vancouver Fire Announcement on mental health launch<\/a> (Association des pompiers professionnels de C.-B., f\u00e9vrier 2016).<\/p>\n<p><a href=\"http:\/\/www.vancouversun.com\/health\/First+responders+ramp+stress+management+after+rash+suicides\/10868487\/story.html\">First responders ramp up stress management after rash of suicides<\/a> (Vancouver Sun, 7 mars 2015)<\/p>\n<h3>Souhaitez-vous \u00eatre un champion de la recherche FIREWELL?<\/h3>\n<p>Si vous \u00eates pompier et que vous souhaitez vous impliquer dans la recherche FIREWELL, veuillez <a href=\"https:\/\/firewell.ca\/fr\/contact\/\">nous contacter<\/a>.<\/p>\n","protected":false},"excerpt":{"rendered":"<p>La s\u00e9rie des champions de la recherche FIREWELL profilent nos collaborateurs pompiers et leurs contributions essentielles \u00e0 nos recherches sur la sant\u00e9 et le bien-\u00eatre des pompiers. Steve Fraser Steve Fraser est capitaine par int\u00e9rim de la sant\u00e9 et s\u00e9curit\u00e9 professionnelle aupr\u00e8s des services de secours et incendie de Vancouver et coordinateur de l&#8217;\u00e9quipe de [&hellip;]<\/p>\n","protected":false},"author":12,"featured_media":3594,"comment_status":"open","ping_status":"open","sticky":false,"template":"","format":"standard","meta":{"_acf_changed":false,"_bbp_topic_count":0,"_bbp_reply_count":0,"_bbp_total_topic_count":0,"_bbp_total_reply_count":0,"_bbp_voice_count":0,"_bbp_anonymous_reply_count":0,"_bbp_topic_count_hidden":0,"_bbp_reply_count_hidden":0,"_bbp_forum_subforum_count":0,"footnotes":""},"categories":[31],"tags":[74],"class_list":["post-3586","post","type-post","status-publish","format-standard","has-post-thumbnail","hentry","category-nouvelles","tag-champions-de-la-recherche"],"acf":[],"_links":{"self":[{"href":"https:\/\/firewell.ca\/fr\/wp-json\/wp\/v2\/posts\/3586","targetHints":{"allow":["GET"]}}],"collection":[{"href":"https:\/\/firewell.ca\/fr\/wp-json\/wp\/v2\/posts"}],"about":[{"href":"https:\/\/firewell.ca\/fr\/wp-json\/wp\/v2\/types\/post"}],"author":[{"embeddable":true,"href":"https:\/\/firewell.ca\/fr\/wp-json\/wp\/v2\/users\/12"}],"replies":[{"embeddable":true,"href":"https:\/\/firewell.ca\/fr\/wp-json\/wp\/v2\/comments?post=3586"}],"version-history":[{"count":0,"href":"https:\/\/firewell.ca\/fr\/wp-json\/wp\/v2\/posts\/3586\/revisions"}],"wp:featuredmedia":[{"embeddable":true,"href":"https:\/\/firewell.ca\/fr\/wp-json\/wp\/v2\/media\/3594"}],"wp:attachment":[{"href":"https:\/\/firewell.ca\/fr\/wp-json\/wp\/v2\/media?parent=3586"}],"wp:term":[{"taxonomy":"category","embeddable":true,"href":"https:\/\/firewell.ca\/fr\/wp-json\/wp\/v2\/categories?post=3586"},{"taxonomy":"post_tag","embeddable":true,"href":"https:\/\/firewell.ca\/fr\/wp-json\/wp\/v2\/tags?post=3586"}],"curies":[{"name":"wp","href":"https:\/\/api.w.org\/{rel}","templated":true}]}}