{"id":3572,"date":"2018-02-22T15:03:17","date_gmt":"2018-02-22T20:03:17","guid":{"rendered":"http:\/\/firewell.ca\/in-the-media-firewell-study-on-msk-injuries-in-firefighters\/"},"modified":"2018-04-17T13:33:16","modified_gmt":"2018-04-17T17:33:16","slug":"in-the-media-firewell-study-on-msk-injuries-in-firefighters","status":"publish","type":"post","link":"https:\/\/firewell.ca\/fr\/in-the-media-firewell-study-on-msk-injuries-in-firefighters\/","title":{"rendered":"Dans les m\u00e9dias : \u00c9tude FIREWELL sur les blessures musculo-squelettiques chez les pompiers"},"content":{"rendered":"<p>La r\u00e9cente publication FIREWELL sur la pr\u00e9valence \u00e9lev\u00e9e de sites douloureux et le fardeau des troubles musculo-squelettiques chez les pompiers a \u00e9t\u00e9 reprise dans de nombreux m\u00e9dias.<\/p>\n<p>L&#8217;\u00e9tude a \u00e9t\u00e9 co-r\u00e9dig\u00e9e par <strong>Joy MacDermid<\/strong> (Western &#038; McMaster), <strong>Kathryn Sinden<\/strong> (Lakehead) et <strong>Robert D&#8217;Amico<\/strong> (Association des pompiers professionnels de Hamilton) et ra\u00e9lis\u00e9e en partenariat avec l&#8217;Association des pompiers professionnels de Hamilton et le service incendie de Hamilton.<\/p>\n<p>Citation de l&#8217;article :  Negm A, MacDermid JC, Sinden K, D\u2019Amico R, Lomotan M, MacIntyre NJ. <strong>Prevalence and distribution of musculoskeletal disorders in firefighters are influenced by age and length of service<\/strong>. Journal of Military, Veteran and Family Health, 2017;3(2).<\/p>\n<p>Pour lire l&#8217;article (t\u00e9l\u00e9chargement gratuit) : <a href=\"https:\/\/jmvfh.utpjournals.press\/doi\/full\/10.3138\/jmvfh.2017-0002\">cliquez ici<\/a>.<\/p>\n<p>Pour lire le communiqu\u00e9 de presse de Western : <a href=\"http:\/\/mediarelations.uwo.ca\/2018\/02\/16\/persistent-firefighters-injuries-make-working-wounded\/\">cliquez ici<\/a>.<\/p>\n<p><strong>Articles<\/strong> (cliquez sur le lien pour lire)<\/p>\n<p><a href=\"https:\/\/news.westernu.ca\/2018\/02\/study-shows-massive-scope-persistent-pain-experienced-firefighters\/\" target=\"_blank\" rel=\"noopener\">Western News<\/a><\/p>\n<p><a href=\"https:\/\/www.firerescue1.com\/health\/articles\/374512018-Study-looks-at-persistent-pain-experienced-by-firefighters\/\" target=\"_blank\" rel=\"noopener\">Fire Rescue 1<\/a><\/p>\n<p><a href=\"http:\/\/www.lfpress.com\/2018\/02\/16\/firefighter-injuries-pile-up-western-university-study-finds\" target=\"_blank\" rel=\"noopener\">London Free Press<\/a><\/p>\n<p><a href=\"https:\/\/www.thespec.com\/news-story\/8140441-study-examines-hamilton-firefighters-injuries\/\" target=\"_blank\" rel=\"noopener\">The Hamilton Spectator<\/a><\/p>\n<p><a href=\"http:\/\/www.rcinet.ca\/en\/2018\/02\/16\/fire-hurt-pain-western-university-work\/\" target=\"_blank\" rel=\"noopener\">Radio Canada International<\/a><\/p>\n<p><a href=\"https:\/\/globalnews.ca\/news\/4031047\/nearly-half-of-ontario-firefighters-are-working-with-chronic-pain-study-finds\/\" target=\"_blank\" rel=\"noopener\">Global News<\/a><\/p>\n<p><strong>\u00c9coutez les entretiens radio avec Joy MacDermid<\/strong><\/p>\n<p>CBC London Morning (February 13, 2018)<\/p>\n<audio class=\"wp-audio-shortcode\" id=\"audio-3572-1\" preload=\"none\" style=\"width: 100%;\" controls=\"controls\"><source type=\"audio\/mpeg\" src=\"http:\/\/firewell.ca\/wp-content\/uploads\/2018\/02\/180213_CBC-Radio-London-Morning.mp3?_=1\" \/><a href=\"http:\/\/firewell.ca\/wp-content\/uploads\/2018\/02\/180213_CBC-Radio-London-Morning.mp3\">http:\/\/firewell.ca\/wp-content\/uploads\/2018\/02\/180213_CBC-Radio-London-Morning.mp3<\/a><\/audio>\n<p>Pour lire la transcription de l\u2019entretien : <a href=\"http:\/\/firewell.ca\/wp-content\/uploads\/2018\/02\/CBC-Radio-London-Morning-MacDermid-Interview-French.pdf\">cliquez ici.<\/a><\/p>\n<p>980 CFPL Radio (February 16, 2018)<\/p>\n<audio class=\"wp-audio-shortcode\" id=\"audio-3572-2\" preload=\"none\" style=\"width: 100%;\" controls=\"controls\"><source type=\"audio\/mpeg\" src=\"http:\/\/firewell.ca\/wp-content\/uploads\/2018\/02\/180216_AM980.mp3?_=2\" \/><a href=\"http:\/\/firewell.ca\/wp-content\/uploads\/2018\/02\/180216_AM980.mp3\">http:\/\/firewell.ca\/wp-content\/uploads\/2018\/02\/180216_AM980.mp3<\/a><\/audio>\n<p>Pour lire la transcription de l\u2019entretien : <a href=\"http:\/\/firewell.ca\/wp-content\/uploads\/2018\/02\/AM980-MacDermid-Interview-Feb-16-2018-French.pdf\">cliquez ici.<\/a><\/p>\n","protected":false},"excerpt":{"rendered":"<p>La r\u00e9cente publication FIREWELL sur la pr\u00e9valence \u00e9lev\u00e9e de sites douloureux et le fardeau des troubles musculo-squelettiques chez les pompiers a \u00e9t\u00e9 reprise dans de nombreux m\u00e9dias.<\/p>\n","protected":false},"author":12,"featured_media":0,"comment_status":"open","ping_status":"open","sticky":false,"template":"","format":"standard","meta":{"_acf_changed":false,"_bbp_topic_count":0,"_bbp_reply_count":0,"_bbp_total_topic_count":0,"_bbp_total_reply_count":0,"_bbp_voice_count":0,"_bbp_anonymous_reply_count":0,"_bbp_topic_count_hidden":0,"_bbp_reply_count_hidden":0,"_bbp_forum_subforum_count":0,"footnotes":""},"categories":[31],"tags":[],"class_list":["post-3572","post","type-post","status-publish","format-standard","hentry","category-nouvelles"],"acf":[],"_links":{"self":[{"href":"https:\/\/firewell.ca\/fr\/wp-json\/wp\/v2\/posts\/3572","targetHints":{"allow":["GET"]}}],"collection":[{"href":"https:\/\/firewell.ca\/fr\/wp-json\/wp\/v2\/posts"}],"about":[{"href":"https:\/\/firewell.ca\/fr\/wp-json\/wp\/v2\/types\/post"}],"author":[{"embeddable":true,"href":"https:\/\/firewell.ca\/fr\/wp-json\/wp\/v2\/users\/12"}],"replies":[{"embeddable":true,"href":"https:\/\/firewell.ca\/fr\/wp-json\/wp\/v2\/comments?post=3572"}],"version-history":[{"count":0,"href":"https:\/\/firewell.ca\/fr\/wp-json\/wp\/v2\/posts\/3572\/revisions"}],"wp:attachment":[{"href":"https:\/\/firewell.ca\/fr\/wp-json\/wp\/v2\/media?parent=3572"}],"wp:term":[{"taxonomy":"category","embeddable":true,"href":"https:\/\/firewell.ca\/fr\/wp-json\/wp\/v2\/categories?post=3572"},{"taxonomy":"post_tag","embeddable":true,"href":"https:\/\/firewell.ca\/fr\/wp-json\/wp\/v2\/tags?post=3572"}],"curies":[{"name":"wp","href":"https:\/\/api.w.org\/{rel}","templated":true}]}}