{"id":3268,"date":"2017-08-28T16:06:28","date_gmt":"2017-08-28T20:06:28","guid":{"rendered":"http:\/\/firewell.ca\/in-the-media-amanda-brazil-interviewed-on-cbc-about-pei-firefighters-new-mental-health-education-program\/"},"modified":"2018-03-12T15:05:26","modified_gmt":"2018-03-12T19:05:26","slug":"in-the-media-amanda-brazil-interviewed-on-cbc-about-pei-firefighters-new-mental-health-education-program","status":"publish","type":"post","link":"https:\/\/firewell.ca\/fr\/in-the-media-amanda-brazil-interviewed-on-cbc-about-pei-firefighters-new-mental-health-education-program\/","title":{"rendered":"Dans les m\u00e9dias : Amanda Brazil interview\u00e9e \u00e0 CBC sur le nouveau programme d&#8217;\u00e9ducation en sant\u00e9 mentale pour les pompiers de l&#8217;\u00ce.P.-\u00c9."},"content":{"rendered":"<p>Amanda Brazil (Association canadienne pour la sant\u00e9 mentale, Division de l&#8217;\u00ce.P.-\u00c9. &#038; pompi\u00e8re volontaire au service d&#8217;incendie de Cross Roads) a \u00e9t\u00e9 interview\u00e9e par les nouvelles CBC sur le nouveau programme d&#8217;\u00e9ducation en sant\u00e9 mentale mis en \u0153uvre dans les services incendie de toute l&#8217;\u00cele du Prince-\u00c9douard. Ce programme, intitul\u00e9 &#8220;Resilient Minds&#8221;, a \u00e9t\u00e9 \u00e9labor\u00e9 par des pompiers de la Colombie-Britannique en collaboration avec l&#8217;Association canadienne pour la sant\u00e9 mentale-Vancouver Fraser.<\/p>\n<p><a href=\"http:\/\/www.cbc.ca\/news\/canada\/prince-edward-island\/pei-firefighters-mental-health-1.4251792\">Cliquez ici<\/a> pour lire l&#8217;article sur CBC.<\/p>\n","protected":false},"excerpt":{"rendered":"<p>Amanda Brazil (Association canadienne pour la sant\u00e9 mentale, Division de l&#8217;\u00ce.P.-\u00c9. &#038; pompi\u00e8re volontaire au service d&#8217;incendie de Cross Roads) a \u00e9t\u00e9 interview\u00e9e par les nouvelles CBC sur le nouveau programme d&#8217;\u00e9ducation en sant\u00e9 mentale mis en \u0153uvre dans les services incendie de toute l&#8217;\u00cele du Prince-\u00c9douard. Ce programme, intitul\u00e9 &#8220;Resilient Minds&#8221;, a \u00e9t\u00e9 \u00e9labor\u00e9 [&hellip;]<\/p>\n","protected":false},"author":12,"featured_media":0,"comment_status":"open","ping_status":"open","sticky":false,"template":"","format":"standard","meta":{"_acf_changed":false,"_bbp_topic_count":0,"_bbp_reply_count":0,"_bbp_total_topic_count":0,"_bbp_total_reply_count":0,"_bbp_voice_count":0,"_bbp_anonymous_reply_count":0,"_bbp_topic_count_hidden":0,"_bbp_reply_count_hidden":0,"_bbp_forum_subforum_count":0,"footnotes":""},"categories":[31],"tags":[],"class_list":["post-3268","post","type-post","status-publish","format-standard","hentry","category-nouvelles"],"acf":[],"_links":{"self":[{"href":"https:\/\/firewell.ca\/fr\/wp-json\/wp\/v2\/posts\/3268","targetHints":{"allow":["GET"]}}],"collection":[{"href":"https:\/\/firewell.ca\/fr\/wp-json\/wp\/v2\/posts"}],"about":[{"href":"https:\/\/firewell.ca\/fr\/wp-json\/wp\/v2\/types\/post"}],"author":[{"embeddable":true,"href":"https:\/\/firewell.ca\/fr\/wp-json\/wp\/v2\/users\/12"}],"replies":[{"embeddable":true,"href":"https:\/\/firewell.ca\/fr\/wp-json\/wp\/v2\/comments?post=3268"}],"version-history":[{"count":0,"href":"https:\/\/firewell.ca\/fr\/wp-json\/wp\/v2\/posts\/3268\/revisions"}],"wp:attachment":[{"href":"https:\/\/firewell.ca\/fr\/wp-json\/wp\/v2\/media?parent=3268"}],"wp:term":[{"taxonomy":"category","embeddable":true,"href":"https:\/\/firewell.ca\/fr\/wp-json\/wp\/v2\/categories?post=3268"},{"taxonomy":"post_tag","embeddable":true,"href":"https:\/\/firewell.ca\/fr\/wp-json\/wp\/v2\/tags?post=3268"}],"curies":[{"name":"wp","href":"https:\/\/api.w.org\/{rel}","templated":true}]}}