{"id":3265,"date":"2017-08-30T15:10:54","date_gmt":"2017-08-30T19:10:54","guid":{"rendered":"http:\/\/firewell.ca\/cipsrt-releases-results-from-national-survey-of-mental-disorder-symptoms-among-public-safety-personnel-in-canada\/"},"modified":"2018-03-12T15:03:47","modified_gmt":"2018-03-12T19:03:47","slug":"cipsrt-releases-results-from-national-survey-of-mental-disorder-symptoms-among-public-safety-personnel-in-canada","status":"publish","type":"post","link":"https:\/\/firewell.ca\/fr\/cipsrt-releases-results-from-national-survey-of-mental-disorder-symptoms-among-public-safety-personnel-in-canada\/","title":{"rendered":"L&#8217;ICRTSP publie les r\u00e9sultats d&#8217;une enqu\u00eate nationale sur les sympt\u00f4mes de troubles mentaux chez le personnel de s\u00e9curit\u00e9 publique au Canada"},"content":{"rendered":"<p>L&#8217;Institut canadien de recherche et de traitement en s\u00e9curit\u00e9 publique (ICRTSP) a publi\u00e9 les r\u00e9sultats de la premi\u00e8re \u00e9tude pancanadienne (dirig\u00e9e par Nick Carleton de l&#8217;Universit\u00e9 de Regina) sur la sant\u00e9 mentale du personnel de s\u00e9curit\u00e9 publique.<\/p>\n<p>Pour lire l&#8217;article de Steve Palmer (directeur ex\u00e9cutif du Collaborative Centre for Justice and Safety), <a href=\"https:\/\/www.linkedin.com\/pulse\/national-survey-results-underscore-mental-health-concerns-palmer\">cliquez ici<\/a>.<\/p>\n<p>Pour en lire davantage sur CBC, <a href=\"http:\/\/www.cbc.ca\/news\/politics\/police-fire-fighters-ptsd-paramedis-1.4266720\">cliquez ici<\/a>.<\/p>\n<p>Pour visualiser la vid\u00e9o sur Global News, <a href=\"http:\/\/globalnews.ca\/video\/3705445\/the-mental-health-of-first-responders\">cliquez ici<\/a>.<\/p>\n<p>Pour lire l&#8217;int\u00e9gralit\u00e9 de l&#8217;article paru dans la Revue canadienne de psychiatrie, <a href=\"http:\/\/journals.sagepub.com\/doi\/full\/10.1177\/0706743717723825\">cliquez ici<\/a>.<\/p>\n","protected":false},"excerpt":{"rendered":"<p>L&#8217;Institut canadien de recherche et de traitement en s\u00e9curit\u00e9 publique (ICRTSP) a publi\u00e9 les r\u00e9sultats de la premi\u00e8re \u00e9tude pancanadienne (dirig\u00e9e par Nick Carleton de l&#8217;Universit\u00e9 de Regina) sur la sant\u00e9 mentale du personnel de s\u00e9curit\u00e9 publique. Pour lire l&#8217;article de Steve Palmer (directeur ex\u00e9cutif du Collaborative Centre for Justice and Safety), cliquez ici. Pour [&hellip;]<\/p>\n","protected":false},"author":12,"featured_media":0,"comment_status":"open","ping_status":"open","sticky":false,"template":"","format":"standard","meta":{"_acf_changed":false,"_bbp_topic_count":0,"_bbp_reply_count":0,"_bbp_total_topic_count":0,"_bbp_total_reply_count":0,"_bbp_voice_count":0,"_bbp_anonymous_reply_count":0,"_bbp_topic_count_hidden":0,"_bbp_reply_count_hidden":0,"_bbp_forum_subforum_count":0,"footnotes":""},"categories":[31],"tags":[],"class_list":["post-3265","post","type-post","status-publish","format-standard","hentry","category-nouvelles"],"acf":[],"_links":{"self":[{"href":"https:\/\/firewell.ca\/fr\/wp-json\/wp\/v2\/posts\/3265","targetHints":{"allow":["GET"]}}],"collection":[{"href":"https:\/\/firewell.ca\/fr\/wp-json\/wp\/v2\/posts"}],"about":[{"href":"https:\/\/firewell.ca\/fr\/wp-json\/wp\/v2\/types\/post"}],"author":[{"embeddable":true,"href":"https:\/\/firewell.ca\/fr\/wp-json\/wp\/v2\/users\/12"}],"replies":[{"embeddable":true,"href":"https:\/\/firewell.ca\/fr\/wp-json\/wp\/v2\/comments?post=3265"}],"version-history":[{"count":0,"href":"https:\/\/firewell.ca\/fr\/wp-json\/wp\/v2\/posts\/3265\/revisions"}],"wp:attachment":[{"href":"https:\/\/firewell.ca\/fr\/wp-json\/wp\/v2\/media?parent=3265"}],"wp:term":[{"taxonomy":"category","embeddable":true,"href":"https:\/\/firewell.ca\/fr\/wp-json\/wp\/v2\/categories?post=3265"},{"taxonomy":"post_tag","embeddable":true,"href":"https:\/\/firewell.ca\/fr\/wp-json\/wp\/v2\/tags?post=3265"}],"curies":[{"name":"wp","href":"https:\/\/api.w.org\/{rel}","templated":true}]}}