{"id":3238,"date":"2017-12-13T10:19:35","date_gmt":"2017-12-13T15:19:35","guid":{"rendered":"http:\/\/firewell.ca\/in-the-media-amanda-brazil-interviewed-on-the-guardian-about-new-resiliency-program-for-pei-firefighters\/"},"modified":"2018-03-12T14:38:58","modified_gmt":"2018-03-12T18:38:58","slug":"in-the-media-amanda-brazil-interviewed-on-the-guardian-about-new-resiliency-program-for-pei-firefighters","status":"publish","type":"post","link":"https:\/\/firewell.ca\/fr\/in-the-media-amanda-brazil-interviewed-on-the-guardian-about-new-resiliency-program-for-pei-firefighters\/","title":{"rendered":"Dans les m\u00e9dias : Amanda Brazil interview\u00e9e par The Guardian sur le nouveau programme de r\u00e9silience pour les pompiers de l&#8217;\u00ce.P.-\u00c9."},"content":{"rendered":"<p>Amanda Brazil (Association canadienne pour la sant\u00e9 mentale, Division de l&#8217;\u00ce.P.-\u00c9. &#038; pompi\u00e8re volontaire au service d&#8217;incendie de Cross Roads) a \u00e9t\u00e9 interview\u00e9e par The Guardian sur le nouveau programme de r\u00e9silience qui \u00e9duquera les pompiers de l&#8217;\u00ce.P.-\u00c9. sur la sant\u00e9 mentale. Ce programme, intitul\u00e9 &#8221; Resilient Minds &#8220;, a \u00e9t\u00e9 \u00e9labor\u00e9 par des pompiers de la Colombie-Britannique en collaboration avec l&#8217;Association canadienne pour la sant\u00e9 mentale-Vancouver Fraser. Il sera d\u00e9ploy\u00e9 dans l&#8217;\u00ce.P.-\u00c9. d\u00e9but janvier 2018.<\/p>\n<p>Pour lire l&#8217;article du Guardian, <a href=\"http:\/\/www.theguardian.pe.ca\/news\/local\/pei-firefighters-learning-to-talk-about-issues-of-mental-health-due-to-the-stresses-of-their-work-168914\/\">cliquez ici<\/a>.<\/p>\n","protected":false},"excerpt":{"rendered":"<p>Amanda Brazil (Association canadienne pour la sant\u00e9 mentale, Division de l&#8217;\u00ce.P.-\u00c9. &#038; pompi\u00e8re volontaire au service d&#8217;incendie de Cross Roads) a \u00e9t\u00e9 interview\u00e9e par The Guardian sur le nouveau programme de r\u00e9silience qui \u00e9duquera les pompiers de l&#8217;\u00ce.P.-\u00c9. sur la sant\u00e9 mentale. Ce programme, intitul\u00e9 &#8221; Resilient Minds &#8220;, a \u00e9t\u00e9 \u00e9labor\u00e9 par des pompiers [&hellip;]<\/p>\n","protected":false},"author":12,"featured_media":0,"comment_status":"open","ping_status":"open","sticky":false,"template":"","format":"standard","meta":{"_acf_changed":false,"_bbp_topic_count":0,"_bbp_reply_count":0,"_bbp_total_topic_count":0,"_bbp_total_reply_count":0,"_bbp_voice_count":0,"_bbp_anonymous_reply_count":0,"_bbp_topic_count_hidden":0,"_bbp_reply_count_hidden":0,"_bbp_forum_subforum_count":0,"footnotes":""},"categories":[31],"tags":[],"class_list":["post-3238","post","type-post","status-publish","format-standard","hentry","category-nouvelles"],"acf":[],"_links":{"self":[{"href":"https:\/\/firewell.ca\/fr\/wp-json\/wp\/v2\/posts\/3238","targetHints":{"allow":["GET"]}}],"collection":[{"href":"https:\/\/firewell.ca\/fr\/wp-json\/wp\/v2\/posts"}],"about":[{"href":"https:\/\/firewell.ca\/fr\/wp-json\/wp\/v2\/types\/post"}],"author":[{"embeddable":true,"href":"https:\/\/firewell.ca\/fr\/wp-json\/wp\/v2\/users\/12"}],"replies":[{"embeddable":true,"href":"https:\/\/firewell.ca\/fr\/wp-json\/wp\/v2\/comments?post=3238"}],"version-history":[{"count":0,"href":"https:\/\/firewell.ca\/fr\/wp-json\/wp\/v2\/posts\/3238\/revisions"}],"wp:attachment":[{"href":"https:\/\/firewell.ca\/fr\/wp-json\/wp\/v2\/media?parent=3238"}],"wp:term":[{"taxonomy":"category","embeddable":true,"href":"https:\/\/firewell.ca\/fr\/wp-json\/wp\/v2\/categories?post=3238"},{"taxonomy":"post_tag","embeddable":true,"href":"https:\/\/firewell.ca\/fr\/wp-json\/wp\/v2\/tags?post=3238"}],"curies":[{"name":"wp","href":"https:\/\/api.w.org\/{rel}","templated":true}]}}