{"id":3226,"date":"2018-01-05T14:10:53","date_gmt":"2018-01-05T19:10:53","guid":{"rendered":"http:\/\/firewell.ca\/new-firewell-paper-prevalence-and-distribution-of-musculoskeletal-disorders-in-firefighters-are-influenced-by-age-and-length-of-service\/"},"modified":"2018-03-12T14:24:29","modified_gmt":"2018-03-12T18:24:29","slug":"new-firewell-paper-prevalence-and-distribution-of-musculoskeletal-disorders-in-firefighters-are-influenced-by-age-and-length-of-service","status":"publish","type":"post","link":"https:\/\/firewell.ca\/fr\/new-firewell-paper-prevalence-and-distribution-of-musculoskeletal-disorders-in-firefighters-are-influenced-by-age-and-length-of-service\/","title":{"rendered":"NOUVEL article FIREWELL : Prevalence and distribution of musculoskeletal disorders in firefighters are influenced by age and length of service"},"content":{"rendered":"<p>Une \u00e9tude de recherche FIREWELL sur la pr\u00e9valence \u00e9lev\u00e9e de sites douloureux et le fardeau des troubles musculo-squelettiques chez les pompiers a r\u00e9cemment \u00e9t\u00e9 publi\u00e9e dans la revue <em>Journal of Military, Veteran and Family Health<\/em>. <\/p>\n<p>L&#8217;\u00e9tude a \u00e9t\u00e9 men\u00e9e par Joy MacDermid (Universit\u00e9s Western &#038; McMaster), Kathryn Sinden (Universit\u00e9 Lakehead) Robert D&#8217;Amico (Association des pompiers professionnels de Hamilton) en partenariat avec l&#8217;Association des pompiers professionnels de Hamilton et le service incendie de Hamilton.<\/p>\n<p>Citation de l&#8217;article :  Negm A, MacDermid JC, Sinden K, D\u2019Amico R, Lomotan M, MacIntyre NJ. <strong>Prevalence and distribution of musculoskeletal disorders in firefighters are influenced by age and length of service<\/strong>. Journal of Military, Veteran and Family Health, 2017;3(2).<\/p>\n<p>Pour lire l&#8217;article (ou le t\u00e9l\u00e9charger gratuitement) : <a href=\"http:\/\/jmvfh.utpjournals.press\/doi\/full\/10.3138\/jmvfh.2017-0002\" rel=\"noopener\" target=\"_blank\">cliquez ici<\/a>.<\/p>\n","protected":false},"excerpt":{"rendered":"<p>Une \u00e9tude de recherche FIREWELL sur la pr\u00e9valence \u00e9lev\u00e9e de sites douloureux et le fardeau des troubles musculo-squelettiques chez les pompiers a r\u00e9cemment \u00e9t\u00e9 publi\u00e9e dans la revue Journal of Military, Veteran and Family Health. L&#8217;\u00e9tude a \u00e9t\u00e9 men\u00e9e par Joy MacDermid (Universit\u00e9s Western &#038; McMaster), Kathryn Sinden (Universit\u00e9 Lakehead) Robert D&#8217;Amico (Association des pompiers [&hellip;]<\/p>\n","protected":false},"author":12,"featured_media":0,"comment_status":"open","ping_status":"open","sticky":false,"template":"","format":"standard","meta":{"_acf_changed":false,"_bbp_topic_count":0,"_bbp_reply_count":0,"_bbp_total_topic_count":0,"_bbp_total_reply_count":0,"_bbp_voice_count":0,"_bbp_anonymous_reply_count":0,"_bbp_topic_count_hidden":0,"_bbp_reply_count_hidden":0,"_bbp_forum_subforum_count":0,"footnotes":""},"categories":[31],"tags":[],"class_list":["post-3226","post","type-post","status-publish","format-standard","hentry","category-nouvelles"],"acf":[],"_links":{"self":[{"href":"https:\/\/firewell.ca\/fr\/wp-json\/wp\/v2\/posts\/3226","targetHints":{"allow":["GET"]}}],"collection":[{"href":"https:\/\/firewell.ca\/fr\/wp-json\/wp\/v2\/posts"}],"about":[{"href":"https:\/\/firewell.ca\/fr\/wp-json\/wp\/v2\/types\/post"}],"author":[{"embeddable":true,"href":"https:\/\/firewell.ca\/fr\/wp-json\/wp\/v2\/users\/12"}],"replies":[{"embeddable":true,"href":"https:\/\/firewell.ca\/fr\/wp-json\/wp\/v2\/comments?post=3226"}],"version-history":[{"count":0,"href":"https:\/\/firewell.ca\/fr\/wp-json\/wp\/v2\/posts\/3226\/revisions"}],"wp:attachment":[{"href":"https:\/\/firewell.ca\/fr\/wp-json\/wp\/v2\/media?parent=3226"}],"wp:term":[{"taxonomy":"category","embeddable":true,"href":"https:\/\/firewell.ca\/fr\/wp-json\/wp\/v2\/categories?post=3226"},{"taxonomy":"post_tag","embeddable":true,"href":"https:\/\/firewell.ca\/fr\/wp-json\/wp\/v2\/tags?post=3226"}],"curies":[{"name":"wp","href":"https:\/\/api.w.org\/{rel}","templated":true}]}}